{"id":674,"date":"2022-10-27T00:02:12","date_gmt":"2022-10-27T04:02:12","guid":{"rendered":"https:\/\/clairedumouchel.com\/?p=674"},"modified":"2022-10-27T00:06:10","modified_gmt":"2022-10-27T04:06:10","slug":"relation-parents-et-adolescents","status":"publish","type":"post","link":"https:\/\/clairedumouchel.com\/en\/relation-parents-et-adolescents\/","title":{"rendered":"Parent and teen relationship"},"content":{"rendered":"<div class=\"gb-container gb-container-db995a95\"><div class=\"gb-inside-container\">\n<div class=\"gb-grid-wrapper gb-grid-wrapper-c8808fe2\">\n<div class=\"gb-grid-column gb-grid-column-7ac5a25f\"><div class=\"gb-container gb-container-7ac5a25f\"><div class=\"gb-inside-container\">\n\n<p>Est-ce que les parents doivent se pr\u00e9occuper des relations qu\u2019entretiennent leurs adolescents?<\/p>\n\n\n\n<p>De l&rsquo;enfance \u00e0 l&rsquo;\u00e2ge adulte, les relations avec les amis se d\u00e9veloppent. Qu&rsquo;elles soient nombreuses ou non, l&rsquo;amiti\u00e9 occupe de plus en plus une place dans la vie des adolescents.<\/p>\n\n\n\n<p>En plus de la famille, les amis deviennent le point de r\u00e9f\u00e9rence des jeunes. Ensemble, ils \u00e9changent des informations et testent des comportements, des valeurs ou des id\u00e9es. C&rsquo;est ensemble qu&rsquo;ils apprennent \u00e0 devenir les adultes de demain.<\/p>\n\n\n\n<p>Les jeunes d\u00e9veloppent un sentiment d&rsquo;appartenance \u00e0 leur cercle d&rsquo;amis, qui s&rsquo;apparente \u00e0 une seconde famille. Son d\u00e9sir de s&rsquo;int\u00e9grer \u00e0 eux, de faire et de penser comme eux, peut \u00eatre intense. Les adolescents sont plus sensibles \u00e0 l&rsquo;influence des pairs au milieu de l&rsquo;adolescence. <\/p>\n\n\n\n<p>C&rsquo;est le moment o\u00f9 leur d\u00e9sir d&rsquo;ind\u00e9pendance vis-\u00e0-vis de leurs parents et leur solidarit\u00e9 avec le groupe sont les plus forts. Comme nous le savons tous, cette influence des pairs peut \u00eatre \u00e0 la fois positive et n\u00e9gative. Naturellement, les exp\u00e9riences qu&rsquo;ils ont avec leurs amis coloreront plus tard leur fa\u00e7on de vivre et d&rsquo;agir en soci\u00e9t\u00e9.<\/p>\n\n\n\n<p>Par cons\u00e9quent, le d\u00e9veloppement des habilet\u00e9s sociales et la gestion des influences sociales chez les jeunes rev\u00eatent une importance particuli\u00e8re. Premi\u00e8rement, ces comp\u00e9tences permettent d&rsquo;entretenir de bonnes amiti\u00e9s. Ils favorisent \u00e9galement une bonne sant\u00e9 mentale. De plus, ils pr\u00e9viennent les troubles du comportement, la consommation probl\u00e9matique de substances, les comportements sexuels \u00e0 risque, la violence et le d\u00e9crochage scolaire. En tant que parent, vous pouvez aider!<\/p>\n\n\n<div class=\"gb-grid-wrapper gb-grid-wrapper-516d3b52\">\n<div class=\"gb-grid-column gb-grid-column-c0ccd38a\"><div class=\"gb-container gb-container-c0ccd38a\"><div class=\"gb-inside-container\">\n\n<iframe loading=\"lazy\" width=\"720\" height=\"480\" src=\"https:\/\/www.youtube.com\/embed\/0HogQhvnJdA?start=134\" title=\"YouTube video player\" frameborder=\"0\" allow=\"accelerometer; autoplay; clipboard-write; encrypted-media; gyroscope; picture-in-picture\" allowfullscreen><\/iframe>\n\n<\/div><\/div><\/div>\n\n<div class=\"gb-grid-column gb-grid-column-2433bddf\"><div class=\"gb-container gb-container-2433bddf\"><div class=\"gb-inside-container\">\n\n<p>Nous avons demand\u00e9 \u00e0 notre duo d\u2019expert de commenter les r\u00e9ponses en y ajoutant leurs propres expertises de th\u00e9rapeute conjugal et familial. <\/p>\n\n<\/div><\/div><\/div>\n<\/div>\n<\/div><\/div><\/div>\n<\/div>\n<\/div><\/div>","protected":false},"excerpt":{"rendered":"<p>Should parents be concerned about the relationships of their teenagers? From childhood to adulthood, relationships with friends develop.<\/p>","protected":false},"author":1,"featured_media":678,"comment_status":"closed","ping_status":"closed","sticky":false,"template":"","format":"standard","meta":{"footnotes":""},"categories":[7],"tags":[],"class_list":["post-674","post","type-post","status-publish","format-standard","has-post-thumbnail","hentry","category-articles"],"yoast_head":"<!-- This site is optimized with the Yoast SEO plugin v27.2 - https:\/\/yoast.com\/product\/yoast-seo-wordpress\/ -->\n<title>Relation parents et adolescents &#8226; Claire Dumouchel - Psychoth\u00e9rapeute<\/title>\n<meta name=\"robots\" content=\"index, follow, max-snippet:-1, max-image-preview:large, max-video-preview:-1\" \/>\n<link rel=\"canonical\" href=\"https:\/\/clairedumouchel.com\/en\/relation-parents-et-adolescents\/\" \/>\n<meta property=\"og:locale\" content=\"en_US\" \/>\n<meta property=\"og:type\" content=\"article\" \/>\n<meta property=\"og:title\" content=\"Relation parents et adolescents &#8226; Claire Dumouchel - Psychoth\u00e9rapeute\" \/>\n<meta property=\"og:description\" content=\"Est-ce que les parents doivent se pr\u00e9occuper des relations qu\u2019entretiennent leurs adolescents? De l&#039;enfance \u00e0 l&#039;\u00e2ge adulte, les relations avec les amis se d\u00e9veloppent.\" \/>\n<meta property=\"og:url\" content=\"https:\/\/clairedumouchel.com\/en\/relation-parents-et-adolescents\/\" \/>\n<meta property=\"og:site_name\" content=\"Claire Dumouchel - Psychoth\u00e9rapeute\" \/>\n<meta property=\"article:publisher\" content=\"https:\/\/www.facebook.com\/claire.dumouchel.psychotherapeute\" \/>\n<meta property=\"article:published_time\" content=\"2022-10-27T04:02:12+00:00\" \/>\n<meta property=\"article:modified_time\" content=\"2022-10-27T04:06:10+00:00\" \/>\n<meta property=\"og:image\" content=\"https:\/\/clairedumouchel.com\/wp-content\/uploads\/2022\/10\/relations-adolescent.jpg\" \/>\n\t<meta property=\"og:image:width\" content=\"716\" \/>\n\t<meta property=\"og:image:height\" content=\"490\" \/>\n\t<meta property=\"og:image:type\" content=\"image\/jpeg\" \/>\n<meta name=\"author\" content=\"Claire Dumouchel\" \/>\n<meta name=\"twitter:card\" content=\"summary_large_image\" \/>\n<meta name=\"twitter:label1\" content=\"Written by\" \/>\n\t<meta name=\"twitter:data1\" content=\"Claire Dumouchel\" \/>\n\t<meta name=\"twitter:label2\" content=\"Est. reading time\" \/>\n\t<meta name=\"twitter:data2\" content=\"1 minute\" \/>\n<script type=\"application\/ld+json\" class=\"yoast-schema-graph\">{\"@context\":\"https:\/\/schema.org\",\"@graph\":[{\"@type\":\"Article\",\"@id\":\"https:\/\/clairedumouchel.com\/relation-parents-et-adolescents\/#article\",\"isPartOf\":{\"@id\":\"https:\/\/clairedumouchel.com\/relation-parents-et-adolescents\/\"},\"author\":{\"name\":\"Claire Dumouchel\",\"@id\":\"https:\/\/clairedumouchel.com\/#\/schema\/person\/c4fb9ae5d949ff40717dbe4405a80817\"},\"headline\":\"Relation parents et adolescents\",\"datePublished\":\"2022-10-27T04:02:12+00:00\",\"dateModified\":\"2022-10-27T04:06:10+00:00\",\"mainEntityOfPage\":{\"@id\":\"https:\/\/clairedumouchel.com\/relation-parents-et-adolescents\/\"},\"wordCount\":312,\"publisher\":{\"@id\":\"https:\/\/clairedumouchel.com\/#organization\"},\"image\":{\"@id\":\"https:\/\/clairedumouchel.com\/relation-parents-et-adolescents\/#primaryimage\"},\"thumbnailUrl\":\"https:\/\/clairedumouchel.com\/wp-content\/uploads\/2022\/10\/relations-adolescent.jpg\",\"articleSection\":[\"Articles\"],\"inLanguage\":\"en-US\"},{\"@type\":\"WebPage\",\"@id\":\"https:\/\/clairedumouchel.com\/relation-parents-et-adolescents\/\",\"url\":\"https:\/\/clairedumouchel.com\/relation-parents-et-adolescents\/\",\"name\":\"Relation parents et adolescents &#8226; Claire Dumouchel - Psychoth\u00e9rapeute\",\"isPartOf\":{\"@id\":\"https:\/\/clairedumouchel.com\/#website\"},\"primaryImageOfPage\":{\"@id\":\"https:\/\/clairedumouchel.com\/relation-parents-et-adolescents\/#primaryimage\"},\"image\":{\"@id\":\"https:\/\/clairedumouchel.com\/relation-parents-et-adolescents\/#primaryimage\"},\"thumbnailUrl\":\"https:\/\/clairedumouchel.com\/wp-content\/uploads\/2022\/10\/relations-adolescent.jpg\",\"datePublished\":\"2022-10-27T04:02:12+00:00\",\"dateModified\":\"2022-10-27T04:06:10+00:00\",\"breadcrumb\":{\"@id\":\"https:\/\/clairedumouchel.com\/relation-parents-et-adolescents\/#breadcrumb\"},\"inLanguage\":\"en-US\",\"potentialAction\":[{\"@type\":\"ReadAction\",\"target\":[\"https:\/\/clairedumouchel.com\/relation-parents-et-adolescents\/\"]}]},{\"@type\":\"ImageObject\",\"inLanguage\":\"en-US\",\"@id\":\"https:\/\/clairedumouchel.com\/relation-parents-et-adolescents\/#primaryimage\",\"url\":\"https:\/\/clairedumouchel.com\/wp-content\/uploads\/2022\/10\/relations-adolescent.jpg\",\"contentUrl\":\"https:\/\/clairedumouchel.com\/wp-content\/uploads\/2022\/10\/relations-adolescent.jpg\",\"width\":716,\"height\":490,\"caption\":\"Daughter looking a phone and ignoring her mother\"},{\"@type\":\"BreadcrumbList\",\"@id\":\"https:\/\/clairedumouchel.com\/relation-parents-et-adolescents\/#breadcrumb\",\"itemListElement\":[{\"@type\":\"ListItem\",\"position\":1,\"name\":\"Accueil\",\"item\":\"https:\/\/clairedumouchel.com\/\"},{\"@type\":\"ListItem\",\"position\":2,\"name\":\"Relation parents et adolescents\"}]},{\"@type\":\"WebSite\",\"@id\":\"https:\/\/clairedumouchel.com\/#website\",\"url\":\"https:\/\/clairedumouchel.com\/\",\"name\":\"Claire Dumouchel Psychoth\u00e9rapie\",\"description\":\"\",\"publisher\":{\"@id\":\"https:\/\/clairedumouchel.com\/#organization\"},\"alternateName\":\"Claire Dumouchel Psychotherapy\",\"potentialAction\":[{\"@type\":\"SearchAction\",\"target\":{\"@type\":\"EntryPoint\",\"urlTemplate\":\"https:\/\/clairedumouchel.com\/?s={search_term_string}\"},\"query-input\":{\"@type\":\"PropertyValueSpecification\",\"valueRequired\":true,\"valueName\":\"search_term_string\"}}],\"inLanguage\":\"en-US\"},{\"@type\":\"Organization\",\"@id\":\"https:\/\/clairedumouchel.com\/#organization\",\"name\":\"Claire Dumouchel Psychoth\u00e9rapie\",\"alternateName\":\"Claire Dumouchel Psychotherapy\",\"url\":\"https:\/\/clairedumouchel.com\/\",\"logo\":{\"@type\":\"ImageObject\",\"inLanguage\":\"en-US\",\"@id\":\"https:\/\/clairedumouchel.com\/#\/schema\/logo\/image\/\",\"url\":\"https:\/\/clairedumouchel.com\/wp-content\/uploads\/2022\/11\/logos-claire-fr.png\",\"contentUrl\":\"https:\/\/clairedumouchel.com\/wp-content\/uploads\/2022\/11\/logos-claire-fr.png\",\"width\":229,\"height\":57,\"caption\":\"Claire Dumouchel Psychoth\u00e9rapie\"},\"image\":{\"@id\":\"https:\/\/clairedumouchel.com\/#\/schema\/logo\/image\/\"},\"sameAs\":[\"https:\/\/www.facebook.com\/claire.dumouchel.psychotherapeute\"]},{\"@type\":\"Person\",\"@id\":\"https:\/\/clairedumouchel.com\/#\/schema\/person\/c4fb9ae5d949ff40717dbe4405a80817\",\"name\":\"Claire Dumouchel\",\"sameAs\":[\"http:\/\/clairedumouchel.com\"],\"url\":\"https:\/\/clairedumouchel.com\/en\/author\/claire-dumouchel\/\"}]}<\/script>\n<!-- \/ Yoast SEO plugin. -->","yoast_head_json":{"title":"Relation parents et adolescents &#8226; Claire Dumouchel - Psychoth\u00e9rapeute","robots":{"index":"index","follow":"follow","max-snippet":"max-snippet:-1","max-image-preview":"max-image-preview:large","max-video-preview":"max-video-preview:-1"},"canonical":"https:\/\/clairedumouchel.com\/en\/relation-parents-et-adolescents\/","og_locale":"en_US","og_type":"article","og_title":"Relation parents et adolescents &#8226; Claire Dumouchel - Psychoth\u00e9rapeute","og_description":"Est-ce que les parents doivent se pr\u00e9occuper des relations qu\u2019entretiennent leurs adolescents? De l'enfance \u00e0 l'\u00e2ge adulte, les relations avec les amis se d\u00e9veloppent.","og_url":"https:\/\/clairedumouchel.com\/en\/relation-parents-et-adolescents\/","og_site_name":"Claire Dumouchel - Psychoth\u00e9rapeute","article_publisher":"https:\/\/www.facebook.com\/claire.dumouchel.psychotherapeute","article_published_time":"2022-10-27T04:02:12+00:00","article_modified_time":"2022-10-27T04:06:10+00:00","og_image":[{"width":716,"height":490,"url":"https:\/\/clairedumouchel.com\/wp-content\/uploads\/2022\/10\/relations-adolescent.jpg","type":"image\/jpeg"}],"author":"Claire Dumouchel","twitter_card":"summary_large_image","twitter_misc":{"Written by":"Claire Dumouchel","Est. reading time":"1 minute"},"schema":{"@context":"https:\/\/schema.org","@graph":[{"@type":"Article","@id":"https:\/\/clairedumouchel.com\/relation-parents-et-adolescents\/#article","isPartOf":{"@id":"https:\/\/clairedumouchel.com\/relation-parents-et-adolescents\/"},"author":{"name":"Claire Dumouchel","@id":"https:\/\/clairedumouchel.com\/#\/schema\/person\/c4fb9ae5d949ff40717dbe4405a80817"},"headline":"Relation parents et adolescents","datePublished":"2022-10-27T04:02:12+00:00","dateModified":"2022-10-27T04:06:10+00:00","mainEntityOfPage":{"@id":"https:\/\/clairedumouchel.com\/relation-parents-et-adolescents\/"},"wordCount":312,"publisher":{"@id":"https:\/\/clairedumouchel.com\/#organization"},"image":{"@id":"https:\/\/clairedumouchel.com\/relation-parents-et-adolescents\/#primaryimage"},"thumbnailUrl":"https:\/\/clairedumouchel.com\/wp-content\/uploads\/2022\/10\/relations-adolescent.jpg","articleSection":["Articles"],"inLanguage":"en-US"},{"@type":"WebPage","@id":"https:\/\/clairedumouchel.com\/relation-parents-et-adolescents\/","url":"https:\/\/clairedumouchel.com\/relation-parents-et-adolescents\/","name":"Relation parents et adolescents &#8226; Claire Dumouchel - Psychoth\u00e9rapeute","isPartOf":{"@id":"https:\/\/clairedumouchel.com\/#website"},"primaryImageOfPage":{"@id":"https:\/\/clairedumouchel.com\/relation-parents-et-adolescents\/#primaryimage"},"image":{"@id":"https:\/\/clairedumouchel.com\/relation-parents-et-adolescents\/#primaryimage"},"thumbnailUrl":"https:\/\/clairedumouchel.com\/wp-content\/uploads\/2022\/10\/relations-adolescent.jpg","datePublished":"2022-10-27T04:02:12+00:00","dateModified":"2022-10-27T04:06:10+00:00","breadcrumb":{"@id":"https:\/\/clairedumouchel.com\/relation-parents-et-adolescents\/#breadcrumb"},"inLanguage":"en-US","potentialAction":[{"@type":"ReadAction","target":["https:\/\/clairedumouchel.com\/relation-parents-et-adolescents\/"]}]},{"@type":"ImageObject","inLanguage":"en-US","@id":"https:\/\/clairedumouchel.com\/relation-parents-et-adolescents\/#primaryimage","url":"https:\/\/clairedumouchel.com\/wp-content\/uploads\/2022\/10\/relations-adolescent.jpg","contentUrl":"https:\/\/clairedumouchel.com\/wp-content\/uploads\/2022\/10\/relations-adolescent.jpg","width":716,"height":490,"caption":"Daughter looking a phone and ignoring her mother"},{"@type":"BreadcrumbList","@id":"https:\/\/clairedumouchel.com\/relation-parents-et-adolescents\/#breadcrumb","itemListElement":[{"@type":"ListItem","position":1,"name":"Accueil","item":"https:\/\/clairedumouchel.com\/"},{"@type":"ListItem","position":2,"name":"Relation parents et adolescents"}]},{"@type":"WebSite","@id":"https:\/\/clairedumouchel.com\/#website","url":"https:\/\/clairedumouchel.com\/","name":"Claire Dumouchel Psychoth\u00e9rapie","description":"","publisher":{"@id":"https:\/\/clairedumouchel.com\/#organization"},"alternateName":"Claire Dumouchel Psychotherapy","potentialAction":[{"@type":"SearchAction","target":{"@type":"EntryPoint","urlTemplate":"https:\/\/clairedumouchel.com\/?s={search_term_string}"},"query-input":{"@type":"PropertyValueSpecification","valueRequired":true,"valueName":"search_term_string"}}],"inLanguage":"en-US"},{"@type":"Organization","@id":"https:\/\/clairedumouchel.com\/#organization","name":"Claire Dumouchel Psychoth\u00e9rapie","alternateName":"Claire Dumouchel Psychotherapy","url":"https:\/\/clairedumouchel.com\/","logo":{"@type":"ImageObject","inLanguage":"en-US","@id":"https:\/\/clairedumouchel.com\/#\/schema\/logo\/image\/","url":"https:\/\/clairedumouchel.com\/wp-content\/uploads\/2022\/11\/logos-claire-fr.png","contentUrl":"https:\/\/clairedumouchel.com\/wp-content\/uploads\/2022\/11\/logos-claire-fr.png","width":229,"height":57,"caption":"Claire Dumouchel Psychoth\u00e9rapie"},"image":{"@id":"https:\/\/clairedumouchel.com\/#\/schema\/logo\/image\/"},"sameAs":["https:\/\/www.facebook.com\/claire.dumouchel.psychotherapeute"]},{"@type":"Person","@id":"https:\/\/clairedumouchel.com\/#\/schema\/person\/c4fb9ae5d949ff40717dbe4405a80817","name":"Claire Dumouchel","sameAs":["http:\/\/clairedumouchel.com"],"url":"https:\/\/clairedumouchel.com\/en\/author\/claire-dumouchel\/"}]}},"_links":{"self":[{"href":"https:\/\/clairedumouchel.com\/en\/wp-json\/wp\/v2\/posts\/674","targetHints":{"allow":["GET"]}}],"collection":[{"href":"https:\/\/clairedumouchel.com\/en\/wp-json\/wp\/v2\/posts"}],"about":[{"href":"https:\/\/clairedumouchel.com\/en\/wp-json\/wp\/v2\/types\/post"}],"author":[{"embeddable":true,"href":"https:\/\/clairedumouchel.com\/en\/wp-json\/wp\/v2\/users\/1"}],"replies":[{"embeddable":true,"href":"https:\/\/clairedumouchel.com\/en\/wp-json\/wp\/v2\/comments?post=674"}],"version-history":[{"count":8,"href":"https:\/\/clairedumouchel.com\/en\/wp-json\/wp\/v2\/posts\/674\/revisions"}],"predecessor-version":[{"id":683,"href":"https:\/\/clairedumouchel.com\/en\/wp-json\/wp\/v2\/posts\/674\/revisions\/683"}],"wp:featuredmedia":[{"embeddable":true,"href":"https:\/\/clairedumouchel.com\/en\/wp-json\/wp\/v2\/media\/678"}],"wp:attachment":[{"href":"https:\/\/clairedumouchel.com\/en\/wp-json\/wp\/v2\/media?parent=674"}],"wp:term":[{"taxonomy":"category","embeddable":true,"href":"https:\/\/clairedumouchel.com\/en\/wp-json\/wp\/v2\/categories?post=674"},{"taxonomy":"post_tag","embeddable":true,"href":"https:\/\/clairedumouchel.com\/en\/wp-json\/wp\/v2\/tags?post=674"}],"curies":[{"name":"wp","href":"https:\/\/api.w.org\/{rel}","templated":true}]}}