{"id":551,"date":"2018-05-12T19:53:00","date_gmt":"2018-05-12T23:53:00","guid":{"rendered":"https:\/\/clairedumouchel.com\/?p=551"},"modified":"2022-10-24T20:06:27","modified_gmt":"2022-10-25T00:06:27","slug":"vox-pop-pression","status":"publish","type":"post","link":"https:\/\/clairedumouchel.com\/en\/vox-pop-pression\/","title":{"rendered":"Vox pop \u201cPressure\u201d \u2013 Marriage Therapists Week"},"content":{"rendered":"<div class=\"gb-container gb-container-5c8bcbf2\"><div class=\"gb-inside-container\">\n<div class=\"gb-grid-wrapper gb-grid-wrapper-2179e614\">\n<div class=\"gb-grid-column gb-grid-column-38981e9a\"><div class=\"gb-container gb-container-38981e9a\"><div class=\"gb-inside-container\">\n\n<iframe loading=\"lazy\" width=\"100%\" height=\"400px\" src=\"https:\/\/www.youtube.com\/embed\/0fyTymPLxao\" title=\"YouTube video player\" frameborder=\"0\" allow=\"accelerometer; autoplay; clipboard-write; encrypted-media; gyroscope; picture-in-picture\" allowfullscreen=\"\"><\/iframe>\n\n\n\n<div style=\"height:15px\" aria-hidden=\"true\" class=\"wp-block-spacer\"><\/div>\n\n\n\n<h3 class=\"gb-headline gb-headline-1ef28cc8 gb-headline-text\">Vox Pop dans le cadre de la Semaine des th\u00e9rapeutes conjugaux et familiaux.<\/h3>\n\n\n\n<p>Est-ce que les parents mettent trop de pression sur leurs adolescents? Nous avons demand\u00e9 aux gens dans la rue ce qu\u2019ils en pensaient! Nos duos d\u2019experts ont ensuite comment\u00e9 leur r\u00e9ponses, en y ajoutant leur propre expertise de th\u00e9rapeute conjugal et familial. <\/p>\n\n\n\n<p>Merci \u00e0 Julie Brousseau, T.C.F., psychoth\u00e9rapeute, Am\u00e9lie Brown, T.S., T.C.F., psychoth\u00e9rapeute, Claire Dumouchel, T.C.F., et Bernard Desrochers, T.C.F., psychoth\u00e9rapeute, de s\u2019\u00eatre pr\u00eat\u00e9s au jeu!<\/p>\n\n<\/div><\/div><\/div>\n<\/div>\n<\/div><\/div>","protected":false},"excerpt":{"rendered":"<p>Are parents putting too much pressure on their teens? We asked people on the street what they thought! <\/p>","protected":false},"author":1,"featured_media":552,"comment_status":"closed","ping_status":"closed","sticky":false,"template":"","format":"standard","meta":{"footnotes":""},"categories":[7],"tags":[],"class_list":["post-551","post","type-post","status-publish","format-standard","has-post-thumbnail","hentry","category-articles"],"yoast_head":"<!-- This site is optimized with the Yoast SEO plugin v27.2 - https:\/\/yoast.com\/product\/yoast-seo-wordpress\/ -->\n<title>Vox pop \u00abPression\u00bb\u00a0\u2013 Semaine des th\u00e9rapeutes conjugaux &#8226; Claire Dumouchel - Psychoth\u00e9rapeute<\/title>\n<meta name=\"robots\" content=\"index, follow, max-snippet:-1, max-image-preview:large, max-video-preview:-1\" \/>\n<link rel=\"canonical\" href=\"https:\/\/clairedumouchel.com\/en\/vox-pop-pression\/\" \/>\n<meta property=\"og:locale\" content=\"en_US\" \/>\n<meta property=\"og:type\" content=\"article\" \/>\n<meta property=\"og:title\" content=\"Vox pop \u00abPression\u00bb\u00a0\u2013 Semaine des th\u00e9rapeutes conjugaux &#8226; Claire Dumouchel - Psychoth\u00e9rapeute\" \/>\n<meta property=\"og:description\" content=\"Est-ce que les parents mettent trop de pression sur leurs adolescents? Nous avons demand\u00e9 aux gens dans la rue ce qu\u2019ils en pensaient!\" \/>\n<meta property=\"og:url\" content=\"https:\/\/clairedumouchel.com\/en\/vox-pop-pression\/\" \/>\n<meta property=\"og:site_name\" content=\"Claire Dumouchel - Psychoth\u00e9rapeute\" \/>\n<meta property=\"article:publisher\" content=\"https:\/\/www.facebook.com\/claire.dumouchel.psychotherapeute\" \/>\n<meta property=\"article:published_time\" content=\"2018-05-12T23:53:00+00:00\" \/>\n<meta property=\"article:modified_time\" content=\"2022-10-25T00:06:27+00:00\" \/>\n<meta property=\"og:image\" content=\"https:\/\/clairedumouchel.com\/wp-content\/uploads\/2022\/10\/therapie-familiale.jpg\" \/>\n\t<meta property=\"og:image:width\" content=\"1200\" \/>\n\t<meta property=\"og:image:height\" content=\"800\" \/>\n\t<meta property=\"og:image:type\" content=\"image\/jpeg\" \/>\n<meta name=\"author\" content=\"Claire Dumouchel\" \/>\n<meta name=\"twitter:card\" content=\"summary_large_image\" \/>\n<meta name=\"twitter:label1\" content=\"Written by\" \/>\n\t<meta name=\"twitter:data1\" content=\"Claire Dumouchel\" \/>\n<script type=\"application\/ld+json\" class=\"yoast-schema-graph\">{\"@context\":\"https:\/\/schema.org\",\"@graph\":[{\"@type\":\"Article\",\"@id\":\"https:\/\/clairedumouchel.com\/vox-pop-pression\/#article\",\"isPartOf\":{\"@id\":\"https:\/\/clairedumouchel.com\/vox-pop-pression\/\"},\"author\":{\"name\":\"Claire Dumouchel\",\"@id\":\"https:\/\/clairedumouchel.com\/#\/schema\/person\/c4fb9ae5d949ff40717dbe4405a80817\"},\"headline\":\"Vox pop \u00abPression\u00bb\u00a0\u2013 Semaine des th\u00e9rapeutes conjugaux\",\"datePublished\":\"2018-05-12T23:53:00+00:00\",\"dateModified\":\"2022-10-25T00:06:27+00:00\",\"mainEntityOfPage\":{\"@id\":\"https:\/\/clairedumouchel.com\/vox-pop-pression\/\"},\"wordCount\":107,\"publisher\":{\"@id\":\"https:\/\/clairedumouchel.com\/#organization\"},\"image\":{\"@id\":\"https:\/\/clairedumouchel.com\/vox-pop-pression\/#primaryimage\"},\"thumbnailUrl\":\"https:\/\/clairedumouchel.com\/wp-content\/uploads\/2022\/10\/therapie-familiale.jpg\",\"articleSection\":[\"Articles\"],\"inLanguage\":\"en-US\"},{\"@type\":\"WebPage\",\"@id\":\"https:\/\/clairedumouchel.com\/vox-pop-pression\/\",\"url\":\"https:\/\/clairedumouchel.com\/vox-pop-pression\/\",\"name\":\"Vox pop \u00abPression\u00bb\u00a0\u2013 Semaine des th\u00e9rapeutes conjugaux &#8226; Claire Dumouchel - Psychoth\u00e9rapeute\",\"isPartOf\":{\"@id\":\"https:\/\/clairedumouchel.com\/#website\"},\"primaryImageOfPage\":{\"@id\":\"https:\/\/clairedumouchel.com\/vox-pop-pression\/#primaryimage\"},\"image\":{\"@id\":\"https:\/\/clairedumouchel.com\/vox-pop-pression\/#primaryimage\"},\"thumbnailUrl\":\"https:\/\/clairedumouchel.com\/wp-content\/uploads\/2022\/10\/therapie-familiale.jpg\",\"datePublished\":\"2018-05-12T23:53:00+00:00\",\"dateModified\":\"2022-10-25T00:06:27+00:00\",\"breadcrumb\":{\"@id\":\"https:\/\/clairedumouchel.com\/vox-pop-pression\/#breadcrumb\"},\"inLanguage\":\"en-US\",\"potentialAction\":[{\"@type\":\"ReadAction\",\"target\":[\"https:\/\/clairedumouchel.com\/vox-pop-pression\/\"]}]},{\"@type\":\"ImageObject\",\"inLanguage\":\"en-US\",\"@id\":\"https:\/\/clairedumouchel.com\/vox-pop-pression\/#primaryimage\",\"url\":\"https:\/\/clairedumouchel.com\/wp-content\/uploads\/2022\/10\/therapie-familiale.jpg\",\"contentUrl\":\"https:\/\/clairedumouchel.com\/wp-content\/uploads\/2022\/10\/therapie-familiale.jpg\",\"width\":1200,\"height\":800},{\"@type\":\"BreadcrumbList\",\"@id\":\"https:\/\/clairedumouchel.com\/vox-pop-pression\/#breadcrumb\",\"itemListElement\":[{\"@type\":\"ListItem\",\"position\":1,\"name\":\"Accueil\",\"item\":\"https:\/\/clairedumouchel.com\/\"},{\"@type\":\"ListItem\",\"position\":2,\"name\":\"Vox pop \u00abPression\u00bb\u00a0\u2013 Semaine des th\u00e9rapeutes conjugaux\"}]},{\"@type\":\"WebSite\",\"@id\":\"https:\/\/clairedumouchel.com\/#website\",\"url\":\"https:\/\/clairedumouchel.com\/\",\"name\":\"Claire Dumouchel Psychoth\u00e9rapie\",\"description\":\"\",\"publisher\":{\"@id\":\"https:\/\/clairedumouchel.com\/#organization\"},\"alternateName\":\"Claire Dumouchel Psychotherapy\",\"potentialAction\":[{\"@type\":\"SearchAction\",\"target\":{\"@type\":\"EntryPoint\",\"urlTemplate\":\"https:\/\/clairedumouchel.com\/?s={search_term_string}\"},\"query-input\":{\"@type\":\"PropertyValueSpecification\",\"valueRequired\":true,\"valueName\":\"search_term_string\"}}],\"inLanguage\":\"en-US\"},{\"@type\":\"Organization\",\"@id\":\"https:\/\/clairedumouchel.com\/#organization\",\"name\":\"Claire Dumouchel Psychoth\u00e9rapie\",\"alternateName\":\"Claire Dumouchel Psychotherapy\",\"url\":\"https:\/\/clairedumouchel.com\/\",\"logo\":{\"@type\":\"ImageObject\",\"inLanguage\":\"en-US\",\"@id\":\"https:\/\/clairedumouchel.com\/#\/schema\/logo\/image\/\",\"url\":\"https:\/\/clairedumouchel.com\/wp-content\/uploads\/2022\/11\/logos-claire-fr.png\",\"contentUrl\":\"https:\/\/clairedumouchel.com\/wp-content\/uploads\/2022\/11\/logos-claire-fr.png\",\"width\":229,\"height\":57,\"caption\":\"Claire Dumouchel Psychoth\u00e9rapie\"},\"image\":{\"@id\":\"https:\/\/clairedumouchel.com\/#\/schema\/logo\/image\/\"},\"sameAs\":[\"https:\/\/www.facebook.com\/claire.dumouchel.psychotherapeute\"]},{\"@type\":\"Person\",\"@id\":\"https:\/\/clairedumouchel.com\/#\/schema\/person\/c4fb9ae5d949ff40717dbe4405a80817\",\"name\":\"Claire Dumouchel\",\"sameAs\":[\"http:\/\/clairedumouchel.com\"],\"url\":\"https:\/\/clairedumouchel.com\/en\/author\/claire-dumouchel\/\"}]}<\/script>\n<!-- \/ Yoast SEO plugin. -->","yoast_head_json":{"title":"Vox pop \u00abPression\u00bb\u00a0\u2013 Semaine des th\u00e9rapeutes conjugaux &#8226; Claire Dumouchel - Psychoth\u00e9rapeute","robots":{"index":"index","follow":"follow","max-snippet":"max-snippet:-1","max-image-preview":"max-image-preview:large","max-video-preview":"max-video-preview:-1"},"canonical":"https:\/\/clairedumouchel.com\/en\/vox-pop-pression\/","og_locale":"en_US","og_type":"article","og_title":"Vox pop \u00abPression\u00bb\u00a0\u2013 Semaine des th\u00e9rapeutes conjugaux &#8226; Claire Dumouchel - Psychoth\u00e9rapeute","og_description":"Est-ce que les parents mettent trop de pression sur leurs adolescents? Nous avons demand\u00e9 aux gens dans la rue ce qu\u2019ils en pensaient!","og_url":"https:\/\/clairedumouchel.com\/en\/vox-pop-pression\/","og_site_name":"Claire Dumouchel - Psychoth\u00e9rapeute","article_publisher":"https:\/\/www.facebook.com\/claire.dumouchel.psychotherapeute","article_published_time":"2018-05-12T23:53:00+00:00","article_modified_time":"2022-10-25T00:06:27+00:00","og_image":[{"width":1200,"height":800,"url":"https:\/\/clairedumouchel.com\/wp-content\/uploads\/2022\/10\/therapie-familiale.jpg","type":"image\/jpeg"}],"author":"Claire Dumouchel","twitter_card":"summary_large_image","twitter_misc":{"Written by":"Claire Dumouchel"},"schema":{"@context":"https:\/\/schema.org","@graph":[{"@type":"Article","@id":"https:\/\/clairedumouchel.com\/vox-pop-pression\/#article","isPartOf":{"@id":"https:\/\/clairedumouchel.com\/vox-pop-pression\/"},"author":{"name":"Claire Dumouchel","@id":"https:\/\/clairedumouchel.com\/#\/schema\/person\/c4fb9ae5d949ff40717dbe4405a80817"},"headline":"Vox pop \u00abPression\u00bb\u00a0\u2013 Semaine des th\u00e9rapeutes conjugaux","datePublished":"2018-05-12T23:53:00+00:00","dateModified":"2022-10-25T00:06:27+00:00","mainEntityOfPage":{"@id":"https:\/\/clairedumouchel.com\/vox-pop-pression\/"},"wordCount":107,"publisher":{"@id":"https:\/\/clairedumouchel.com\/#organization"},"image":{"@id":"https:\/\/clairedumouchel.com\/vox-pop-pression\/#primaryimage"},"thumbnailUrl":"https:\/\/clairedumouchel.com\/wp-content\/uploads\/2022\/10\/therapie-familiale.jpg","articleSection":["Articles"],"inLanguage":"en-US"},{"@type":"WebPage","@id":"https:\/\/clairedumouchel.com\/vox-pop-pression\/","url":"https:\/\/clairedumouchel.com\/vox-pop-pression\/","name":"Vox pop \u00abPression\u00bb\u00a0\u2013 Semaine des th\u00e9rapeutes conjugaux &#8226; Claire Dumouchel - Psychoth\u00e9rapeute","isPartOf":{"@id":"https:\/\/clairedumouchel.com\/#website"},"primaryImageOfPage":{"@id":"https:\/\/clairedumouchel.com\/vox-pop-pression\/#primaryimage"},"image":{"@id":"https:\/\/clairedumouchel.com\/vox-pop-pression\/#primaryimage"},"thumbnailUrl":"https:\/\/clairedumouchel.com\/wp-content\/uploads\/2022\/10\/therapie-familiale.jpg","datePublished":"2018-05-12T23:53:00+00:00","dateModified":"2022-10-25T00:06:27+00:00","breadcrumb":{"@id":"https:\/\/clairedumouchel.com\/vox-pop-pression\/#breadcrumb"},"inLanguage":"en-US","potentialAction":[{"@type":"ReadAction","target":["https:\/\/clairedumouchel.com\/vox-pop-pression\/"]}]},{"@type":"ImageObject","inLanguage":"en-US","@id":"https:\/\/clairedumouchel.com\/vox-pop-pression\/#primaryimage","url":"https:\/\/clairedumouchel.com\/wp-content\/uploads\/2022\/10\/therapie-familiale.jpg","contentUrl":"https:\/\/clairedumouchel.com\/wp-content\/uploads\/2022\/10\/therapie-familiale.jpg","width":1200,"height":800},{"@type":"BreadcrumbList","@id":"https:\/\/clairedumouchel.com\/vox-pop-pression\/#breadcrumb","itemListElement":[{"@type":"ListItem","position":1,"name":"Accueil","item":"https:\/\/clairedumouchel.com\/"},{"@type":"ListItem","position":2,"name":"Vox pop \u00abPression\u00bb\u00a0\u2013 Semaine des th\u00e9rapeutes conjugaux"}]},{"@type":"WebSite","@id":"https:\/\/clairedumouchel.com\/#website","url":"https:\/\/clairedumouchel.com\/","name":"Claire Dumouchel Psychoth\u00e9rapie","description":"","publisher":{"@id":"https:\/\/clairedumouchel.com\/#organization"},"alternateName":"Claire Dumouchel Psychotherapy","potentialAction":[{"@type":"SearchAction","target":{"@type":"EntryPoint","urlTemplate":"https:\/\/clairedumouchel.com\/?s={search_term_string}"},"query-input":{"@type":"PropertyValueSpecification","valueRequired":true,"valueName":"search_term_string"}}],"inLanguage":"en-US"},{"@type":"Organization","@id":"https:\/\/clairedumouchel.com\/#organization","name":"Claire Dumouchel Psychoth\u00e9rapie","alternateName":"Claire Dumouchel Psychotherapy","url":"https:\/\/clairedumouchel.com\/","logo":{"@type":"ImageObject","inLanguage":"en-US","@id":"https:\/\/clairedumouchel.com\/#\/schema\/logo\/image\/","url":"https:\/\/clairedumouchel.com\/wp-content\/uploads\/2022\/11\/logos-claire-fr.png","contentUrl":"https:\/\/clairedumouchel.com\/wp-content\/uploads\/2022\/11\/logos-claire-fr.png","width":229,"height":57,"caption":"Claire Dumouchel Psychoth\u00e9rapie"},"image":{"@id":"https:\/\/clairedumouchel.com\/#\/schema\/logo\/image\/"},"sameAs":["https:\/\/www.facebook.com\/claire.dumouchel.psychotherapeute"]},{"@type":"Person","@id":"https:\/\/clairedumouchel.com\/#\/schema\/person\/c4fb9ae5d949ff40717dbe4405a80817","name":"Claire Dumouchel","sameAs":["http:\/\/clairedumouchel.com"],"url":"https:\/\/clairedumouchel.com\/en\/author\/claire-dumouchel\/"}]}},"_links":{"self":[{"href":"https:\/\/clairedumouchel.com\/en\/wp-json\/wp\/v2\/posts\/551","targetHints":{"allow":["GET"]}}],"collection":[{"href":"https:\/\/clairedumouchel.com\/en\/wp-json\/wp\/v2\/posts"}],"about":[{"href":"https:\/\/clairedumouchel.com\/en\/wp-json\/wp\/v2\/types\/post"}],"author":[{"embeddable":true,"href":"https:\/\/clairedumouchel.com\/en\/wp-json\/wp\/v2\/users\/1"}],"replies":[{"embeddable":true,"href":"https:\/\/clairedumouchel.com\/en\/wp-json\/wp\/v2\/comments?post=551"}],"version-history":[{"count":4,"href":"https:\/\/clairedumouchel.com\/en\/wp-json\/wp\/v2\/posts\/551\/revisions"}],"predecessor-version":[{"id":563,"href":"https:\/\/clairedumouchel.com\/en\/wp-json\/wp\/v2\/posts\/551\/revisions\/563"}],"wp:featuredmedia":[{"embeddable":true,"href":"https:\/\/clairedumouchel.com\/en\/wp-json\/wp\/v2\/media\/552"}],"wp:attachment":[{"href":"https:\/\/clairedumouchel.com\/en\/wp-json\/wp\/v2\/media?parent=551"}],"wp:term":[{"taxonomy":"category","embeddable":true,"href":"https:\/\/clairedumouchel.com\/en\/wp-json\/wp\/v2\/categories?post=551"},{"taxonomy":"post_tag","embeddable":true,"href":"https:\/\/clairedumouchel.com\/en\/wp-json\/wp\/v2\/tags?post=551"}],"curies":[{"name":"wp","href":"https:\/\/api.w.org\/{rel}","templated":true}]}}